{"id":395,"date":"2024-02-19T09:36:46","date_gmt":"2024-02-19T12:36:46","guid":{"rendered":"https:\/\/inmunitas.com.ar\/web\/?p=395"},"modified":"2024-02-19T09:36:46","modified_gmt":"2024-02-19T12:36:46","slug":"el-municipio-confirmo-el-primer-fallecimiento-por-dengue-en-rosario-en-2024","status":"publish","type":"post","link":"https:\/\/inmunitas.com.ar\/web\/novedades\/el-municipio-confirmo-el-primer-fallecimiento-por-dengue-en-rosario-en-2024\/","title":{"rendered":"El municipio confirm\u00f3 el primer fallecimiento por dengue en Rosario en 2024"},"content":{"rendered":"<p>La secretar\u00eda municipal de Salud P\u00fablica inform\u00f3 el primer caso de fallecimiento por dengue en la ciudad de Rosario en lo que va de 2024. El paciente estaba internado en el Hospital de Emergencias Clemente \u00c1lvarez (Heca) y ten\u00eda antecedentes de tabaquismo. El deceso se produjo el pasado jueves pero el dato fue publicado este s\u00e1bado<\/p>\n<p>La informaci\u00f3n brindada por la secretar\u00eda indica que se trat\u00f3 de un hombre de 38 a\u00f1os \u00abcon antecedentes de retraso madurativo y tabaquismo\u00bb. Esta persona comenz\u00f3 con un cuadro febril, s\u00edntomas gastrointestinales y tuvo una convulsi\u00f3n, raz\u00f3n por la cual fue trasladado a la guardia del Hospital Carrasco, desde donde lo derivaron al Heca en esa misma jornada en estado de coma postictal.<\/p>\n<p>La secretaria de Salud, Soledad Rodr\u00edguez, apunt\u00f3 que una vez en el Hospital de Emergencias las autoridades sanitarias confirmaron el diagn\u00f3stico de dengue: \u00abPor complicaciones a nivel pulmonar, precisamente presenta una hemorragia alveolar, necesita asistencia respiratoria mec\u00e1nica. El cuadro evolucion\u00f3 de mala manera con una reacci\u00f3n inflamatoria sist\u00e9mica\u00bb y finalmente el paciente falleci\u00f3 el pasado jueves 15 de febrero a las 20.30 en el Heca.<\/p>\n<p>Desde la cartera municipal remarcaron la importancia de la consulta temprana ante la aparici\u00f3n de s\u00edntomas compatibles con un cuadro de dengue, como lo son la fiebre, dolor de cabeza, muscular y articular, n\u00e1useas y v\u00f3mitos, se debe consultar a un m\u00e9dico. Adem\u00e1s, a\u00f1adieron que aquellas personas embarazadas, ni\u00f1os, personas con edad avanzada o con presencia de enfermedades cr\u00f3nicas preexistentes son personas con factores de riesgo para la enfermedad, por lo que se recomienda especial atenci\u00f3n y cuidado.<\/p>\n<p>Hasta el 15 de febrero, las autoridades sanitarias locales contabilizaban 1741 casos en toda la ciudad, mientras que la Municipalidad realiza desde diciembre operativos barriales para prevenir el brote de casos en las periferias de la ciudad. \u00abEn las \u00faltimas 8 semanas se produjo una curva de crecimiento gradual de la enfermedad. Y se lleg\u00f3 a los 1.741 casos desde finales de diciembre. De ellos, 1.593 son aut\u00f3ctonos\u00bb, afirm\u00f3 a La Capital Fernando Vignoni, subsecretario de Salud y Territorio del ministerio de Salud de la provincia de Santa Fe.<\/p>\n<p>Fuebte: <a href=\"https:\/\/www.lacapital.com.ar\/la-ciudad\/el-municipio-confirmo-el-primer-fallecimiento-dengue-rosario-2024-n10118913.html\">https:\/\/www.lacapital.com.ar\/la-ciudad\/el-municipio-confirmo-el-primer-fallecimiento-dengue-rosario-2024-n10118913.html<\/a><\/p>\n","protected":false},"excerpt":{"rendered":"<p>La secretar\u00eda municipal de Salud P\u00fablica inform\u00f3 el primer caso de fallecimiento por dengue en la ciudad de Rosario en lo que va de 2024. El paciente estaba internado en el Hospital de Emergencias Clemente \u00c1lvarez (Heca) y ten\u00eda antecedentes de tabaquismo. El deceso se produjo el pasado jueves pero el dato fue publicado este &hellip; <a href=\"https:\/\/inmunitas.com.ar\/web\/novedades\/el-municipio-confirmo-el-primer-fallecimiento-por-dengue-en-rosario-en-2024\/\" class=\"more-link\">Continue reading <span class=\"screen-reader-text\">El municipio confirm\u00f3 el primer fallecimiento por dengue en Rosario en 2024<\/span><\/a><\/p>\n","protected":false},"author":2,"featured_media":396,"comment_status":"open","ping_status":"open","sticky":false,"template":"","format":"standard","meta":{"footnotes":""},"categories":[3],"tags":[],"class_list":["post-395","post","type-post","status-publish","format-standard","has-post-thumbnail","hentry","category-novedades"],"_links":{"self":[{"href":"https:\/\/inmunitas.com.ar\/web\/wp-json\/wp\/v2\/posts\/395","targetHints":{"allow":["GET"]}}],"collection":[{"href":"https:\/\/inmunitas.com.ar\/web\/wp-json\/wp\/v2\/posts"}],"about":[{"href":"https:\/\/inmunitas.com.ar\/web\/wp-json\/wp\/v2\/types\/post"}],"author":[{"embeddable":true,"href":"https:\/\/inmunitas.com.ar\/web\/wp-json\/wp\/v2\/users\/2"}],"replies":[{"embeddable":true,"href":"https:\/\/inmunitas.com.ar\/web\/wp-json\/wp\/v2\/comments?post=395"}],"version-history":[{"count":1,"href":"https:\/\/inmunitas.com.ar\/web\/wp-json\/wp\/v2\/posts\/395\/revisions"}],"predecessor-version":[{"id":397,"href":"https:\/\/inmunitas.com.ar\/web\/wp-json\/wp\/v2\/posts\/395\/revisions\/397"}],"wp:featuredmedia":[{"embeddable":true,"href":"https:\/\/inmunitas.com.ar\/web\/wp-json\/wp\/v2\/media\/396"}],"wp:attachment":[{"href":"https:\/\/inmunitas.com.ar\/web\/wp-json\/wp\/v2\/media?parent=395"}],"wp:term":[{"taxonomy":"category","embeddable":true,"href":"https:\/\/inmunitas.com.ar\/web\/wp-json\/wp\/v2\/categories?post=395"},{"taxonomy":"post_tag","embeddable":true,"href":"https:\/\/inmunitas.com.ar\/web\/wp-json\/wp\/v2\/tags?post=395"}],"curies":[{"name":"wp","href":"https:\/\/api.w.org\/{rel}","templated":true}]}}