{"id":391,"date":"2024-01-29T11:40:06","date_gmt":"2024-01-29T14:40:06","guid":{"rendered":"https:\/\/inmunitas.com.ar\/web\/?p=391"},"modified":"2024-01-29T11:40:06","modified_gmt":"2024-01-29T14:40:06","slug":"ciclo-lectivo-2024-que-vacunas-son-obligatorias","status":"publish","type":"post","link":"https:\/\/inmunitas.com.ar\/web\/novedades\/ciclo-lectivo-2024-que-vacunas-son-obligatorias\/","title":{"rendered":"Ciclo lectivo 2024: \u00bfQu\u00e9 vacunas son obligatorias?"},"content":{"rendered":"<header class=\"news-headline\">El <strong>Ministerio de Salud<\/strong>\u00a0establece a trav\u00e9s del<strong>\u00a0Calendario Nacional de Vacunaci\u00f3n\u00a0<\/strong>que los ni\u00f1os deben tener completo el esquema de inmunizaci\u00f3n antes del inicio del a\u00f1o escolar. Para comenzar el\u00a0<strong>ciclo lectivo 2024<\/strong>, es necesario que los ni\u00f1os que ingresan a primer grado cuenten con\u00a0<strong>cuatro\u00a0<\/strong><strong>vacunas<\/strong>.<\/p>\n<\/header>\n<article class=\"article-body article-body--second-paragraph content-protected-false\">\n<p class=\"com-paragraph  --capital --s\">Con respecto a las\u00a0<strong>vacunas obligatorias<\/strong>, desde el sitio oficial del ministerio indican que los nenes son susceptibles a las enfermedades y, cuando ingresan a la vida escolar \u00abse ampl\u00eda el universo de personas con las que entran en contacto y suelen compartir objetos todo el tiempo sin lavarse adecuadamente las manos\u00bb. Por esa raz\u00f3n, la inmunizaci\u00f3n en edad escolar es fundamental para prevenirlo.<\/p>\n<\/article>\n<article class=\"article-body article-body--third-paragraph content-protected-false\">Seg\u00fan indica el Calendario Nacional de Vacunaci\u00f3n, los ni\u00f1os que tengan entre<strong>\u00a05 y 6 a\u00f1os\u00a0<\/strong>y comiencen el primer grado en 2024, deben tener aplicadas las siguientes vacunas:<\/p>\n<\/article>\n<article class=\"article-body article-body--fourth-paragraph content-protected-false\">\n<ul>\n<li><strong>Vacuna Triple Viral<\/strong>: protege contra a sarampi\u00f3n, rubeola y parotiditis o paperas.<\/li>\n<li><strong>Vacuna Antipoliomiel\u00edtica<\/strong>\u00a0(IPV o Salk): previene la enfermedad causada por el virus polio.<\/li>\n<li><strong>Tiple bacteriana celular<\/strong>: protege contra la difteria, el t\u00e9tanos y la tos convulsa.<\/li>\n<li>Segunda dosis de la vacuna contra la\u00a0<strong>Varicela<\/strong>.<\/li>\n<\/ul>\n<p class=\"com-paragraph   --s\">Cabe destacar que las vacunas son un requisito para el ingreso al ciclo escolar en todos los niveles. Adem\u00e1s, desde el Ministerio de Salud recomiendan que los ni\u00f1os tengan un\u00a0<strong>control de salud al menos una vez al a\u00f1o<\/strong>, donde tambi\u00e9n visiten al\u00a0<strong>oftalm\u00f3logo\u00a0<\/strong>y\u00a0<strong>odont\u00f3logo<\/strong>.<\/p>\n<\/article>\n<article class=\"article-body article-body--remaining-paragraph content-protected-false\">Fuente:<br \/>\nhttps:\/\/www.ambito.com\/informacion-general\/ciclo-lectivo-2024-que-vacunas-son-obligatorias-y-donde-se-pueden-aplicar-n5931475<\/p>\n<\/article>\n","protected":false},"excerpt":{"rendered":"<p>El Ministerio de Salud\u00a0establece a trav\u00e9s del\u00a0Calendario Nacional de Vacunaci\u00f3n\u00a0que los ni\u00f1os deben tener completo el esquema de inmunizaci\u00f3n antes del inicio del a\u00f1o escolar. Para comenzar el\u00a0ciclo lectivo 2024, es necesario que los ni\u00f1os que ingresan a primer grado cuenten con\u00a0cuatro\u00a0vacunas. Con respecto a las\u00a0vacunas obligatorias, desde el sitio oficial del ministerio indican que &hellip; <a href=\"https:\/\/inmunitas.com.ar\/web\/novedades\/ciclo-lectivo-2024-que-vacunas-son-obligatorias\/\" class=\"more-link\">Continue reading <span class=\"screen-reader-text\">Ciclo lectivo 2024: \u00bfQu\u00e9 vacunas son obligatorias?<\/span><\/a><\/p>\n","protected":false},"author":2,"featured_media":392,"comment_status":"open","ping_status":"open","sticky":false,"template":"","format":"standard","meta":{"footnotes":""},"categories":[3],"tags":[],"class_list":["post-391","post","type-post","status-publish","format-standard","has-post-thumbnail","hentry","category-novedades"],"_links":{"self":[{"href":"https:\/\/inmunitas.com.ar\/web\/wp-json\/wp\/v2\/posts\/391","targetHints":{"allow":["GET"]}}],"collection":[{"href":"https:\/\/inmunitas.com.ar\/web\/wp-json\/wp\/v2\/posts"}],"about":[{"href":"https:\/\/inmunitas.com.ar\/web\/wp-json\/wp\/v2\/types\/post"}],"author":[{"embeddable":true,"href":"https:\/\/inmunitas.com.ar\/web\/wp-json\/wp\/v2\/users\/2"}],"replies":[{"embeddable":true,"href":"https:\/\/inmunitas.com.ar\/web\/wp-json\/wp\/v2\/comments?post=391"}],"version-history":[{"count":1,"href":"https:\/\/inmunitas.com.ar\/web\/wp-json\/wp\/v2\/posts\/391\/revisions"}],"predecessor-version":[{"id":393,"href":"https:\/\/inmunitas.com.ar\/web\/wp-json\/wp\/v2\/posts\/391\/revisions\/393"}],"wp:featuredmedia":[{"embeddable":true,"href":"https:\/\/inmunitas.com.ar\/web\/wp-json\/wp\/v2\/media\/392"}],"wp:attachment":[{"href":"https:\/\/inmunitas.com.ar\/web\/wp-json\/wp\/v2\/media?parent=391"}],"wp:term":[{"taxonomy":"category","embeddable":true,"href":"https:\/\/inmunitas.com.ar\/web\/wp-json\/wp\/v2\/categories?post=391"},{"taxonomy":"post_tag","embeddable":true,"href":"https:\/\/inmunitas.com.ar\/web\/wp-json\/wp\/v2\/tags?post=391"}],"curies":[{"name":"wp","href":"https:\/\/api.w.org\/{rel}","templated":true}]}}